{"id":39752,"date":"2026-04-01T20:13:58","date_gmt":"2026-04-02T00:13:58","guid":{"rendered":"https:\/\/nelligan.s2.whc.webmarketersdev.ca\/?p=39752"},"modified":"2026-04-01T20:13:58","modified_gmt":"2026-04-02T00:13:58","slug":"employes-avec-une-petite-entreprise-secondaire-comment-puis-je-proteger-ma-propriete-intellectuelle","status":"publish","type":"post","link":"https:\/\/nelliganlaw.ca\/fr\/employes-avec-une-petite-entreprise-secondaire-comment-puis-je-proteger-ma-propriete-intellectuelle\/","title":{"rendered":"Employ\u00e9s avec une petite entreprise secondaire : Comment puis-je prot\u00e9ger ma propri\u00e9t\u00e9 intellectuelle?"},"content":{"rendered":"<h3>Le commerce \u00e9lectronique a explos\u00e9 au cours de la pand\u00e9mie, ayant presque doubl\u00e9 en importance entre f\u00e9vrier et mars 2020 seulement. Cons\u00e9quence\u00a0: les petites entreprises secondaires ont la c\u00f4te.<\/h3>\n<p>Le cabinet juridique Nelligan Law est reconnaissant de la contribution de Sophie\u00a0Ryder, stagiaire en droit, dans la r\u00e9daction de ce billet.<\/p>\n<p>Si vous ajoutez \u00e0 cela le co\u00fbt croissant de la vie, le travail \u00e0 distance et les transformations sociales induites par la COVID-19, l\u2019entrepreneuriat en dehors des heures de travail a ind\u00e9niablement le vent dans les voiles. Il est normal de penser que ce que vous cr\u00e9ez vous appartient et constitue votre propri\u00e9t\u00e9 intellectuelle (PI), mais si vous avez un emploi principal, il est possible que votre employeur puisse revendiquer la propri\u00e9t\u00e9 intellectuelle de ce que vous produisez lors de vos activit\u00e9s ext\u00e9rieures.<\/p>\n<p>En termes simples, la PI peut \u00eatre n\u2019importe quelle chose cr\u00e9\u00e9e par l\u2019esprit humain\u00a0: des inventions, de la musique, des \u0153uvres d\u2019art, des pi\u00e8ces de th\u00e9\u00e2tre, etc. \u00ab\u00a0Propri\u00e9t\u00e9 intellectuelle\u00a0\u00bb est le terme g\u00e9n\u00e9rique pour d\u00e9signer les droits d\u00e9coulant de ces id\u00e9es intangibles. Par cons\u00e9quent, il rassemble en son sein diff\u00e9rentes cat\u00e9gories de droits et de protections. Par exemple, le droit d\u2019auteur aidera \u00e0 maintenir votre droit de propri\u00e9t\u00e9 sur les cr\u00e9ations artistiques (comme des chansons ou des vid\u00e9os), ce qui est diff\u00e9rent d\u2019un brevet, qui aide \u00e0 prot\u00e9ger les inventions (comme la cr\u00e9ation d\u2019un nouvel outil).<\/p>\n<p><strong>Pourquoi la PI est-elle importante<\/strong><strong>? <\/strong><\/p>\n<p>Alors, pourquoi tout cela a-t-il de l\u2019importance? Cette application sur laquelle vous travaillez ou ce compte Etsy peuvent ne susciter aucun int\u00e9r\u00eat de la part de votre employeur, jusqu\u2019\u00e0 ce que ce ne soit pas le cas. Si cette id\u00e9e pondue sur le coin de votre bureau fonctionne soudainement, votre employeur pourrait s\u2019int\u00e9resser \u00e0 votre cr\u00e9ation. Votre employeur pourrait tenter d\u2019acqu\u00e9rir les droits de propri\u00e9t\u00e9 intellectuelle pour votre cr\u00e9ation, modifiant radicalement la propri\u00e9t\u00e9 (et les revenus) de votre travail.<\/p>\n<p>La <em>Loi sur le droit d<\/em><em>\u2019<\/em><em>auteur<\/em> et la <em>Loi sur <\/em><em>les dessins industriels<\/em> touchent toutes deux \u00e0 la question de l\u2019emploi et de la PI. Le paragraphe\u00a013(3) de la <em>Loi sur le droit d<\/em><em>\u2019<\/em><em>auteur<\/em> \u00e9num\u00e8re les exigences d\u2019un accord \u00e9crit permettant au cr\u00e9ateur de conserver la propri\u00e9t\u00e9 si cette cr\u00e9ation est faite dans le cadre de l\u2019emploi, sauf dans des cas pr\u00e9cis. Le paragraphe\u00a012(1) de la <em>Loi sur le dessin industriel<\/em> stipule que l\u2019auteur du dessin en est le propri\u00e9taire, \u00e0 moins qu\u2019il n\u2019ait fait ce dessin pour une autre personne, auquel cas il est possible que l\u2019autre personne en soit le propri\u00e9taire.<\/p>\n<p>La nature de la relation d\u2019emploi peut cr\u00e9er des droits diff\u00e9rents pour l\u2019employ\u00e9 et l\u2019employeur. Les tribunaux examineront la relation elle-m\u00eame, et non seulement le titre donn\u00e9 au travailleur par l\u2019employeur. Parmi les diff\u00e9rentes relations d\u2019emploi, on retrouve le consultant, l\u2019entrepreneur in\/d\u00e9pendant, et l\u2019employ\u00e9. Les limites de ce qui constitue un \u00ab\u00a0emploi\u00a0\u00bb peuvent \u00eatre plus floues \u00e0 travers ces formes de travail contractuel ou ind\u00e9pendant.<\/p>\n<p>L\u2019affaire <em>Comstock Canada <\/em><em>et al <\/em><em>c. Electec Ltd. <\/em><em>and<\/em><em> Hyde<\/em> examine le cas d\u2019un employ\u00e9, Hyde, qui avait sa propre entreprise en dehors de son emploi chez Comstock. Dans le cadre de son travail pour le compte de sa propre entreprise, Hyde a cr\u00e9\u00e9 un syst\u00e8me d\u2019interconnexion de luminaires qu\u2019il a brevet\u00e9. Pour d\u00e9terminer si la propri\u00e9t\u00e9 de l\u2019invention devait revenir \u00e0 Comstock, l\u2019employeur de Hyde, le tribunal a examin\u00e9 le but de l\u2019emploi de Hyde\u00a0: son emploi avait-il pour but d\u2019inventer ou d\u2019innover? L\u2019invention a-t-elle \u00e9t\u00e9 cr\u00e9\u00e9e dans le cadre de cet emploi? Le tribunal a rejet\u00e9 l\u2019action de Comstock et a conclu que l\u2019invention n\u2019avait pas \u00e9t\u00e9 cr\u00e9\u00e9e dans le cadre de l\u2019emploi de Hyde au sein de l\u2019entreprise. Le tribunal est parvenu \u00e0 cette conclusion en examinant de pr\u00e8s la relation et tout accord implicite entre les parties.<\/p>\n<p>La meilleure fa\u00e7on d\u2019\u00e9viter des probl\u00e8mes tels que ceux d\u00e9crits dans l\u2019affaire Comstock est d\u2019avoir un accord explicite par \u00e9crit sur la PI ou l\u2019emploi. Cela peut aider \u00e0 \u00e9viter les zones d\u2019ombres lorsque vient le temps de d\u00e9terminer ce qui a \u00e9t\u00e9 invent\u00e9 dans le cadre de l\u2019emploi, et ce qui a \u00e9t\u00e9 invent\u00e9 hors de celui-ci.<\/p>\n<p>Il est important de noter que l\u2019affaire Comstock est une affaire concern\u00e9e par le secteur priv\u00e9. Les personnes qui travaillent dans le secteur public ont des obligations sp\u00e9cifiques qui sont souvent <em>plus contraignantes<\/em> en mati\u00e8re d\u2019enregistrement de brevets et d\u2019autres questions li\u00e9es \u00e0 la propri\u00e9t\u00e9 intellectuelle.<\/p>\n<p><strong><u>Clause de non-concurrence<\/u><\/strong><\/p>\n<p>Les clauses de non-concurrence font r\u00e9f\u00e9rence \u00e0 un langage contractuel qui interdit aux employ\u00e9s d\u2019exercer une profession similaire ou de faire un travail similaire qui peut \u00eatre consid\u00e9r\u00e9 comme concurrentiel avec un ancien employeur.<\/p>\n<p>Depuis le 25\u00a0octobre 2021, il est interdit pour les employeurs ontariens de conclure un contrat de travail ou toute autre forme d\u2019accord comprenant des clauses de non-concurrence. Il existe deux exceptions majeures \u00e0 cette r\u00e8gle. La premi\u00e8re s\u2019applique lors de la location ou vente d\u2019une entreprise, et la seconde s\u2019applique si la personne concern\u00e9e occupe un poste de cadre. La liste compl\u00e8te des postes consid\u00e9r\u00e9s comme \u00e9tant des postes de cadre peut \u00eatre consult\u00e9e ici. Cependant, dans l\u2019affaire <em>Parekh et al <\/em><em>v<\/em><em>. Schecter et al<\/em>, la Cour sup\u00e9rieure de l\u2019Ontario a d\u00e9clar\u00e9 que les accords de non-concurrence ant\u00e9rieurs \u00e0 cette nouvelle l\u00e9gislation restaient ex\u00e9cutoires. Il est important de noter que cette nouvelle l\u00e9gislation n\u2019interdit pas les accords de non-sollicitation et de non-divulgation. Un accord de non-sollicitation interdit \u00e0 l\u2019employ\u00e9 de solliciter activement des clients, des fournisseurs, des partenaires commerciaux, etc., pendant leur relation d\u2019emploi ou apr\u00e8s sa fin. Un accord de non-divulgation interdit \u00e0 un employ\u00e9 de partager des informations et des processus confidentiels de l\u2019entreprise.<\/p>\n<p><strong>Principales le\u00e7ons \u00e0 retenir<\/strong><\/p>\n<p>Il peut \u00eatre difficile de discerner d\u2019o\u00f9 vient l\u2019inspiration; lorsqu\u2019un employ\u00e9 d\u00e9veloppe une id\u00e9e originale, il n\u2019a g\u00e9n\u00e9ralement pas l\u2019intention de violer son contrat de travail ou de renoncer \u00e0 la propri\u00e9t\u00e9 d\u2019une invention pr\u00e9cieuse.<\/p>\n<p>Un accord \u00e9crit explicite qui prot\u00e8ge les droits de PI en dehors du cadre de votre emploi peut grandement contribuer \u00e0 r\u00e9duire ces risques. Il est important de comprendre les clauses de votre contrat de travail pour savoir ce que vous devez prendre en compte lorsque vous cr\u00e9ez une entreprise en dehors de votre emploi principal. Parfois, divulguer votre id\u00e9e de petite entreprise secondaire \u00e0 votre employeur et obtenir sa b\u00e9n\u00e9diction peut \u00eatre votre meilleure option. Si vous n\u2019\u00eates pas certains des conditions qui r\u00e9gissent votre emploi actuel ou si vous explorez pr\u00e9sentement une nouvelle id\u00e9e d\u2019entreprise, communiquez avec nos \u00e9quipes sp\u00e9cialis\u00e9es dans la propri\u00e9t\u00e9 intellectuelle ou le droit du travail pour obtenir de l\u2019aide.<\/p>\n","protected":false},"excerpt":{"rendered":"<p>Le commerce \u00e9lectronique a explos\u00e9 au cours de la pand\u00e9mie, ayant presque doubl\u00e9 en importance entre f\u00e9vrier et mars 2020 seulement. Cons\u00e9quence\u00a0: les petites entreprises secondaires ont la c\u00f4te. Le cabinet juridique Nelligan Law est reconnaissant de la contribution de Sophie\u00a0Ryder, stagiaire en droit, dans la r\u00e9daction de ce billet. Si vous ajoutez \u00e0 cela [&hellip;]<\/p>\n","protected":false},"author":11,"featured_media":39753,"comment_status":"open","ping_status":"open","sticky":false,"template":"","format":"standard","meta":{"_acf_changed":false,"footnotes":""},"categories":[1100],"tags":[],"practice-areas":[1102],"class_list":["post-39752","post","type-post","status-publish","format-standard","has-post-thumbnail","hentry","category-blogue","practice-areas-droit-du-travail-pour-les-employes"],"acf":[],"yoast_head":"<!-- This site is optimized with the Yoast SEO plugin v27.3 - https:\/\/yoast.com\/product\/yoast-seo-wordpress\/ -->\n<title>Employ\u00e9s avec une petite entreprise secondaire : Comment puis-je prot\u00e9ger ma propri\u00e9t\u00e9 intellectuelle? - Nelligan Law<\/title>\n<meta name=\"robots\" content=\"index, follow, max-snippet:-1, max-image-preview:large, max-video-preview:-1\" \/>\n<link rel=\"canonical\" href=\"https:\/\/nelliganlaw.ca\/fr\/employes-avec-une-petite-entreprise-secondaire-comment-puis-je-proteger-ma-propriete-intellectuelle\/\" \/>\n<meta property=\"og:locale\" content=\"fr_CA\" \/>\n<meta property=\"og:type\" content=\"article\" \/>\n<meta property=\"og:title\" content=\"Employ\u00e9s avec une petite entreprise secondaire : Comment puis-je prot\u00e9ger ma propri\u00e9t\u00e9 intellectuelle? - Nelligan Law\" \/>\n<meta property=\"og:description\" content=\"Le commerce \u00e9lectronique a explos\u00e9 au cours de la pand\u00e9mie, ayant presque doubl\u00e9 en importance entre f\u00e9vrier et mars 2020 seulement. Cons\u00e9quence\u00a0: les petites entreprises secondaires ont la c\u00f4te. Le cabinet juridique Nelligan Law est reconnaissant de la contribution de Sophie\u00a0Ryder, stagiaire en droit, dans la r\u00e9daction de ce billet. Si vous ajoutez \u00e0 cela [&hellip;]\" \/>\n<meta property=\"og:url\" content=\"https:\/\/nelliganlaw.ca\/fr\/employes-avec-une-petite-entreprise-secondaire-comment-puis-je-proteger-ma-propriete-intellectuelle\/\" \/>\n<meta property=\"og:site_name\" content=\"Nelligan Law\" \/>\n<meta property=\"article:publisher\" content=\"https:\/\/www.facebook.com\/nelliganlaw\" \/>\n<meta property=\"article:published_time\" content=\"2026-04-02T00:13:58+00:00\" \/>\n<meta property=\"og:image\" content=\"https:\/\/nelliganlaw.ca\/wp-content\/uploads\/2026\/04\/featuredimage_sidehustyle-2.jpg\" \/>\n\t<meta property=\"og:image:width\" content=\"2560\" \/>\n\t<meta property=\"og:image:height\" content=\"1708\" \/>\n\t<meta property=\"og:image:type\" content=\"image\/jpeg\" \/>\n<meta name=\"author\" content=\"Madison Lloyd\" \/>\n<meta name=\"twitter:card\" content=\"summary_large_image\" \/>\n<meta name=\"twitter:creator\" content=\"@NelliganLaw\" \/>\n<meta name=\"twitter:site\" content=\"@NelliganLaw\" \/>\n<meta name=\"twitter:label1\" content=\"\u00c9crit par\" \/>\n\t<meta name=\"twitter:data1\" content=\"Madison Lloyd\" \/>\n\t<meta name=\"twitter:label2\" content=\"Estimation du temps de lecture\" \/>\n\t<meta name=\"twitter:data2\" content=\"6 minutes\" \/>\n<script type=\"application\/ld+json\" class=\"yoast-schema-graph\">{\"@context\":\"https:\\\/\\\/schema.org\",\"@graph\":[{\"@type\":\"Article\",\"@id\":\"https:\\\/\\\/nelliganlaw.ca\\\/fr\\\/employes-avec-une-petite-entreprise-secondaire-comment-puis-je-proteger-ma-propriete-intellectuelle\\\/#article\",\"isPartOf\":{\"@id\":\"https:\\\/\\\/nelliganlaw.ca\\\/fr\\\/employes-avec-une-petite-entreprise-secondaire-comment-puis-je-proteger-ma-propriete-intellectuelle\\\/\"},\"author\":{\"name\":\"Madison Lloyd\",\"@id\":\"https:\\\/\\\/nelliganlaw.ca\\\/fr\\\/#\\\/schema\\\/person\\\/2cfc40d9229d65bcdeb55da69b78223a\"},\"headline\":\"Employ\u00e9s avec une petite entreprise secondaire : Comment puis-je prot\u00e9ger ma propri\u00e9t\u00e9 intellectuelle?\",\"datePublished\":\"2026-04-02T00:13:58+00:00\",\"mainEntityOfPage\":{\"@id\":\"https:\\\/\\\/nelliganlaw.ca\\\/fr\\\/employes-avec-une-petite-entreprise-secondaire-comment-puis-je-proteger-ma-propriete-intellectuelle\\\/\"},\"wordCount\":1251,\"commentCount\":0,\"publisher\":{\"@id\":\"https:\\\/\\\/nelliganlaw.ca\\\/fr\\\/#organization\"},\"image\":{\"@id\":\"https:\\\/\\\/nelliganlaw.ca\\\/fr\\\/employes-avec-une-petite-entreprise-secondaire-comment-puis-je-proteger-ma-propriete-intellectuelle\\\/#primaryimage\"},\"thumbnailUrl\":\"https:\\\/\\\/nelliganlaw.ca\\\/wp-content\\\/uploads\\\/2026\\\/04\\\/featuredimage_sidehustyle-2.jpg\",\"articleSection\":[\"Blogue\"],\"inLanguage\":\"fr-CA\",\"potentialAction\":[{\"@type\":\"CommentAction\",\"name\":\"Comment\",\"target\":[\"https:\\\/\\\/nelliganlaw.ca\\\/fr\\\/employes-avec-une-petite-entreprise-secondaire-comment-puis-je-proteger-ma-propriete-intellectuelle\\\/#respond\"]}]},{\"@type\":\"WebPage\",\"@id\":\"https:\\\/\\\/nelliganlaw.ca\\\/fr\\\/employes-avec-une-petite-entreprise-secondaire-comment-puis-je-proteger-ma-propriete-intellectuelle\\\/\",\"url\":\"https:\\\/\\\/nelliganlaw.ca\\\/fr\\\/employes-avec-une-petite-entreprise-secondaire-comment-puis-je-proteger-ma-propriete-intellectuelle\\\/\",\"name\":\"Employ\u00e9s avec une petite entreprise secondaire : Comment puis-je prot\u00e9ger ma propri\u00e9t\u00e9 intellectuelle? - Nelligan Law\",\"isPartOf\":{\"@id\":\"https:\\\/\\\/nelliganlaw.ca\\\/fr\\\/#website\"},\"primaryImageOfPage\":{\"@id\":\"https:\\\/\\\/nelliganlaw.ca\\\/fr\\\/employes-avec-une-petite-entreprise-secondaire-comment-puis-je-proteger-ma-propriete-intellectuelle\\\/#primaryimage\"},\"image\":{\"@id\":\"https:\\\/\\\/nelliganlaw.ca\\\/fr\\\/employes-avec-une-petite-entreprise-secondaire-comment-puis-je-proteger-ma-propriete-intellectuelle\\\/#primaryimage\"},\"thumbnailUrl\":\"https:\\\/\\\/nelliganlaw.ca\\\/wp-content\\\/uploads\\\/2026\\\/04\\\/featuredimage_sidehustyle-2.jpg\",\"datePublished\":\"2026-04-02T00:13:58+00:00\",\"breadcrumb\":{\"@id\":\"https:\\\/\\\/nelliganlaw.ca\\\/fr\\\/employes-avec-une-petite-entreprise-secondaire-comment-puis-je-proteger-ma-propriete-intellectuelle\\\/#breadcrumb\"},\"inLanguage\":\"fr-CA\",\"potentialAction\":[{\"@type\":\"ReadAction\",\"target\":[\"https:\\\/\\\/nelliganlaw.ca\\\/fr\\\/employes-avec-une-petite-entreprise-secondaire-comment-puis-je-proteger-ma-propriete-intellectuelle\\\/\"]}]},{\"@type\":\"ImageObject\",\"inLanguage\":\"fr-CA\",\"@id\":\"https:\\\/\\\/nelliganlaw.ca\\\/fr\\\/employes-avec-une-petite-entreprise-secondaire-comment-puis-je-proteger-ma-propriete-intellectuelle\\\/#primaryimage\",\"url\":\"https:\\\/\\\/nelliganlaw.ca\\\/wp-content\\\/uploads\\\/2026\\\/04\\\/featuredimage_sidehustyle-2.jpg\",\"contentUrl\":\"https:\\\/\\\/nelliganlaw.ca\\\/wp-content\\\/uploads\\\/2026\\\/04\\\/featuredimage_sidehustyle-2.jpg\",\"width\":2560,\"height\":1708},{\"@type\":\"BreadcrumbList\",\"@id\":\"https:\\\/\\\/nelliganlaw.ca\\\/fr\\\/employes-avec-une-petite-entreprise-secondaire-comment-puis-je-proteger-ma-propriete-intellectuelle\\\/#breadcrumb\",\"itemListElement\":[{\"@type\":\"ListItem\",\"position\":1,\"name\":\"Accueil\",\"item\":\"https:\\\/\\\/nelliganlaw.ca\\\/fr\\\/\"},{\"@type\":\"ListItem\",\"position\":2,\"name\":\"Employ\u00e9s avec une petite entreprise secondaire : Comment puis-je prot\u00e9ger ma propri\u00e9t\u00e9 intellectuelle?\"}]},{\"@type\":\"WebSite\",\"@id\":\"https:\\\/\\\/nelliganlaw.ca\\\/fr\\\/#website\",\"url\":\"https:\\\/\\\/nelliganlaw.ca\\\/fr\\\/\",\"name\":\"Nelligan Law\",\"description\":\"\",\"publisher\":{\"@id\":\"https:\\\/\\\/nelliganlaw.ca\\\/fr\\\/#organization\"},\"potentialAction\":[{\"@type\":\"SearchAction\",\"target\":{\"@type\":\"EntryPoint\",\"urlTemplate\":\"https:\\\/\\\/nelliganlaw.ca\\\/fr\\\/?s={search_term_string}\"},\"query-input\":{\"@type\":\"PropertyValueSpecification\",\"valueRequired\":true,\"valueName\":\"search_term_string\"}}],\"inLanguage\":\"fr-CA\"},{\"@type\":\"Organization\",\"@id\":\"https:\\\/\\\/nelliganlaw.ca\\\/fr\\\/#organization\",\"name\":\"Nelligan Law\",\"url\":\"https:\\\/\\\/nelliganlaw.ca\\\/fr\\\/\",\"logo\":{\"@type\":\"ImageObject\",\"inLanguage\":\"fr-CA\",\"@id\":\"https:\\\/\\\/nelliganlaw.ca\\\/fr\\\/#\\\/schema\\\/logo\\\/image\\\/\",\"url\":\"https:\\\/\\\/nelliganlaw.ca\\\/wp-content\\\/uploads\\\/2021\\\/03\\\/nelligan-logo-colour-black.svg\",\"contentUrl\":\"https:\\\/\\\/nelliganlaw.ca\\\/wp-content\\\/uploads\\\/2021\\\/03\\\/nelligan-logo-colour-black.svg\",\"width\":535,\"height\":145,\"caption\":\"Nelligan Law\"},\"image\":{\"@id\":\"https:\\\/\\\/nelliganlaw.ca\\\/fr\\\/#\\\/schema\\\/logo\\\/image\\\/\"},\"sameAs\":[\"https:\\\/\\\/www.facebook.com\\\/nelliganlaw\",\"https:\\\/\\\/x.com\\\/NelliganLaw\"]},{\"@type\":\"Person\",\"@id\":\"https:\\\/\\\/nelliganlaw.ca\\\/fr\\\/#\\\/schema\\\/person\\\/2cfc40d9229d65bcdeb55da69b78223a\",\"name\":\"Madison Lloyd\",\"image\":{\"@type\":\"ImageObject\",\"inLanguage\":\"fr-CA\",\"@id\":\"https:\\\/\\\/secure.gravatar.com\\\/avatar\\\/bdbb8a0cb3ab0e2f41ddb592a8716201bf442cb12e979002a5914c064ef0b874?s=96&d=mm&r=g\",\"url\":\"https:\\\/\\\/secure.gravatar.com\\\/avatar\\\/bdbb8a0cb3ab0e2f41ddb592a8716201bf442cb12e979002a5914c064ef0b874?s=96&d=mm&r=g\",\"contentUrl\":\"https:\\\/\\\/secure.gravatar.com\\\/avatar\\\/bdbb8a0cb3ab0e2f41ddb592a8716201bf442cb12e979002a5914c064ef0b874?s=96&d=mm&r=g\",\"caption\":\"Madison Lloyd\"},\"url\":\"https:\\\/\\\/nelliganlaw.ca\\\/fr\\\/author\\\/madison-lloydnelliganlaw-ca\\\/\"}]}<\/script>\n<!-- \/ Yoast SEO plugin. -->","yoast_head_json":{"title":"Employ\u00e9s avec une petite entreprise secondaire : Comment puis-je prot\u00e9ger ma propri\u00e9t\u00e9 intellectuelle? - Nelligan Law","robots":{"index":"index","follow":"follow","max-snippet":"max-snippet:-1","max-image-preview":"max-image-preview:large","max-video-preview":"max-video-preview:-1"},"canonical":"https:\/\/nelliganlaw.ca\/fr\/employes-avec-une-petite-entreprise-secondaire-comment-puis-je-proteger-ma-propriete-intellectuelle\/","og_locale":"fr_CA","og_type":"article","og_title":"Employ\u00e9s avec une petite entreprise secondaire : Comment puis-je prot\u00e9ger ma propri\u00e9t\u00e9 intellectuelle? - Nelligan Law","og_description":"Le commerce \u00e9lectronique a explos\u00e9 au cours de la pand\u00e9mie, ayant presque doubl\u00e9 en importance entre f\u00e9vrier et mars 2020 seulement. Cons\u00e9quence\u00a0: les petites entreprises secondaires ont la c\u00f4te. Le cabinet juridique Nelligan Law est reconnaissant de la contribution de Sophie\u00a0Ryder, stagiaire en droit, dans la r\u00e9daction de ce billet. Si vous ajoutez \u00e0 cela [&hellip;]","og_url":"https:\/\/nelliganlaw.ca\/fr\/employes-avec-une-petite-entreprise-secondaire-comment-puis-je-proteger-ma-propriete-intellectuelle\/","og_site_name":"Nelligan Law","article_publisher":"https:\/\/www.facebook.com\/nelliganlaw","article_published_time":"2026-04-02T00:13:58+00:00","og_image":[{"width":2560,"height":1708,"url":"https:\/\/nelliganlaw.ca\/wp-content\/uploads\/2026\/04\/featuredimage_sidehustyle-2.jpg","type":"image\/jpeg"}],"author":"Madison Lloyd","twitter_card":"summary_large_image","twitter_creator":"@NelliganLaw","twitter_site":"@NelliganLaw","twitter_misc":{"\u00c9crit par":"Madison Lloyd","Estimation du temps de lecture":"6 minutes"},"schema":{"@context":"https:\/\/schema.org","@graph":[{"@type":"Article","@id":"https:\/\/nelliganlaw.ca\/fr\/employes-avec-une-petite-entreprise-secondaire-comment-puis-je-proteger-ma-propriete-intellectuelle\/#article","isPartOf":{"@id":"https:\/\/nelliganlaw.ca\/fr\/employes-avec-une-petite-entreprise-secondaire-comment-puis-je-proteger-ma-propriete-intellectuelle\/"},"author":{"name":"Madison Lloyd","@id":"https:\/\/nelliganlaw.ca\/fr\/#\/schema\/person\/2cfc40d9229d65bcdeb55da69b78223a"},"headline":"Employ\u00e9s avec une petite entreprise secondaire : Comment puis-je prot\u00e9ger ma propri\u00e9t\u00e9 intellectuelle?","datePublished":"2026-04-02T00:13:58+00:00","mainEntityOfPage":{"@id":"https:\/\/nelliganlaw.ca\/fr\/employes-avec-une-petite-entreprise-secondaire-comment-puis-je-proteger-ma-propriete-intellectuelle\/"},"wordCount":1251,"commentCount":0,"publisher":{"@id":"https:\/\/nelliganlaw.ca\/fr\/#organization"},"image":{"@id":"https:\/\/nelliganlaw.ca\/fr\/employes-avec-une-petite-entreprise-secondaire-comment-puis-je-proteger-ma-propriete-intellectuelle\/#primaryimage"},"thumbnailUrl":"https:\/\/nelliganlaw.ca\/wp-content\/uploads\/2026\/04\/featuredimage_sidehustyle-2.jpg","articleSection":["Blogue"],"inLanguage":"fr-CA","potentialAction":[{"@type":"CommentAction","name":"Comment","target":["https:\/\/nelliganlaw.ca\/fr\/employes-avec-une-petite-entreprise-secondaire-comment-puis-je-proteger-ma-propriete-intellectuelle\/#respond"]}]},{"@type":"WebPage","@id":"https:\/\/nelliganlaw.ca\/fr\/employes-avec-une-petite-entreprise-secondaire-comment-puis-je-proteger-ma-propriete-intellectuelle\/","url":"https:\/\/nelliganlaw.ca\/fr\/employes-avec-une-petite-entreprise-secondaire-comment-puis-je-proteger-ma-propriete-intellectuelle\/","name":"Employ\u00e9s avec une petite entreprise secondaire : Comment puis-je prot\u00e9ger ma propri\u00e9t\u00e9 intellectuelle? - Nelligan Law","isPartOf":{"@id":"https:\/\/nelliganlaw.ca\/fr\/#website"},"primaryImageOfPage":{"@id":"https:\/\/nelliganlaw.ca\/fr\/employes-avec-une-petite-entreprise-secondaire-comment-puis-je-proteger-ma-propriete-intellectuelle\/#primaryimage"},"image":{"@id":"https:\/\/nelliganlaw.ca\/fr\/employes-avec-une-petite-entreprise-secondaire-comment-puis-je-proteger-ma-propriete-intellectuelle\/#primaryimage"},"thumbnailUrl":"https:\/\/nelliganlaw.ca\/wp-content\/uploads\/2026\/04\/featuredimage_sidehustyle-2.jpg","datePublished":"2026-04-02T00:13:58+00:00","breadcrumb":{"@id":"https:\/\/nelliganlaw.ca\/fr\/employes-avec-une-petite-entreprise-secondaire-comment-puis-je-proteger-ma-propriete-intellectuelle\/#breadcrumb"},"inLanguage":"fr-CA","potentialAction":[{"@type":"ReadAction","target":["https:\/\/nelliganlaw.ca\/fr\/employes-avec-une-petite-entreprise-secondaire-comment-puis-je-proteger-ma-propriete-intellectuelle\/"]}]},{"@type":"ImageObject","inLanguage":"fr-CA","@id":"https:\/\/nelliganlaw.ca\/fr\/employes-avec-une-petite-entreprise-secondaire-comment-puis-je-proteger-ma-propriete-intellectuelle\/#primaryimage","url":"https:\/\/nelliganlaw.ca\/wp-content\/uploads\/2026\/04\/featuredimage_sidehustyle-2.jpg","contentUrl":"https:\/\/nelliganlaw.ca\/wp-content\/uploads\/2026\/04\/featuredimage_sidehustyle-2.jpg","width":2560,"height":1708},{"@type":"BreadcrumbList","@id":"https:\/\/nelliganlaw.ca\/fr\/employes-avec-une-petite-entreprise-secondaire-comment-puis-je-proteger-ma-propriete-intellectuelle\/#breadcrumb","itemListElement":[{"@type":"ListItem","position":1,"name":"Accueil","item":"https:\/\/nelliganlaw.ca\/fr\/"},{"@type":"ListItem","position":2,"name":"Employ\u00e9s avec une petite entreprise secondaire : Comment puis-je prot\u00e9ger ma propri\u00e9t\u00e9 intellectuelle?"}]},{"@type":"WebSite","@id":"https:\/\/nelliganlaw.ca\/fr\/#website","url":"https:\/\/nelliganlaw.ca\/fr\/","name":"Nelligan Law","description":"","publisher":{"@id":"https:\/\/nelliganlaw.ca\/fr\/#organization"},"potentialAction":[{"@type":"SearchAction","target":{"@type":"EntryPoint","urlTemplate":"https:\/\/nelliganlaw.ca\/fr\/?s={search_term_string}"},"query-input":{"@type":"PropertyValueSpecification","valueRequired":true,"valueName":"search_term_string"}}],"inLanguage":"fr-CA"},{"@type":"Organization","@id":"https:\/\/nelliganlaw.ca\/fr\/#organization","name":"Nelligan Law","url":"https:\/\/nelliganlaw.ca\/fr\/","logo":{"@type":"ImageObject","inLanguage":"fr-CA","@id":"https:\/\/nelliganlaw.ca\/fr\/#\/schema\/logo\/image\/","url":"https:\/\/nelliganlaw.ca\/wp-content\/uploads\/2021\/03\/nelligan-logo-colour-black.svg","contentUrl":"https:\/\/nelliganlaw.ca\/wp-content\/uploads\/2021\/03\/nelligan-logo-colour-black.svg","width":535,"height":145,"caption":"Nelligan Law"},"image":{"@id":"https:\/\/nelliganlaw.ca\/fr\/#\/schema\/logo\/image\/"},"sameAs":["https:\/\/www.facebook.com\/nelliganlaw","https:\/\/x.com\/NelliganLaw"]},{"@type":"Person","@id":"https:\/\/nelliganlaw.ca\/fr\/#\/schema\/person\/2cfc40d9229d65bcdeb55da69b78223a","name":"Madison Lloyd","image":{"@type":"ImageObject","inLanguage":"fr-CA","@id":"https:\/\/secure.gravatar.com\/avatar\/bdbb8a0cb3ab0e2f41ddb592a8716201bf442cb12e979002a5914c064ef0b874?s=96&d=mm&r=g","url":"https:\/\/secure.gravatar.com\/avatar\/bdbb8a0cb3ab0e2f41ddb592a8716201bf442cb12e979002a5914c064ef0b874?s=96&d=mm&r=g","contentUrl":"https:\/\/secure.gravatar.com\/avatar\/bdbb8a0cb3ab0e2f41ddb592a8716201bf442cb12e979002a5914c064ef0b874?s=96&d=mm&r=g","caption":"Madison Lloyd"},"url":"https:\/\/nelliganlaw.ca\/fr\/author\/madison-lloydnelliganlaw-ca\/"}]}},"_links":{"self":[{"href":"https:\/\/nelliganlaw.ca\/fr\/wp-json\/wp\/v2\/posts\/39752","targetHints":{"allow":["GET"]}}],"collection":[{"href":"https:\/\/nelliganlaw.ca\/fr\/wp-json\/wp\/v2\/posts"}],"about":[{"href":"https:\/\/nelliganlaw.ca\/fr\/wp-json\/wp\/v2\/types\/post"}],"author":[{"embeddable":true,"href":"https:\/\/nelliganlaw.ca\/fr\/wp-json\/wp\/v2\/users\/11"}],"replies":[{"embeddable":true,"href":"https:\/\/nelliganlaw.ca\/fr\/wp-json\/wp\/v2\/comments?post=39752"}],"version-history":[{"count":1,"href":"https:\/\/nelliganlaw.ca\/fr\/wp-json\/wp\/v2\/posts\/39752\/revisions"}],"predecessor-version":[{"id":39846,"href":"https:\/\/nelliganlaw.ca\/fr\/wp-json\/wp\/v2\/posts\/39752\/revisions\/39846"}],"wp:featuredmedia":[{"embeddable":true,"href":"https:\/\/nelliganlaw.ca\/fr\/wp-json\/wp\/v2\/media\/39753"}],"wp:attachment":[{"href":"https:\/\/nelliganlaw.ca\/fr\/wp-json\/wp\/v2\/media?parent=39752"}],"wp:term":[{"taxonomy":"category","embeddable":true,"href":"https:\/\/nelliganlaw.ca\/fr\/wp-json\/wp\/v2\/categories?post=39752"},{"taxonomy":"post_tag","embeddable":true,"href":"https:\/\/nelliganlaw.ca\/fr\/wp-json\/wp\/v2\/tags?post=39752"},{"taxonomy":"practice-areas","embeddable":true,"href":"https:\/\/nelliganlaw.ca\/fr\/wp-json\/wp\/v2\/practice-areas?post=39752"}],"curies":[{"name":"wp","href":"https:\/\/api.w.org\/{rel}","templated":true}]}}