{"id":39763,"date":"2026-04-01T20:14:00","date_gmt":"2026-04-02T00:14:00","guid":{"rendered":"https:\/\/nelligan.s2.whc.webmarketersdev.ca\/?p=39763"},"modified":"2026-04-01T20:14:00","modified_gmt":"2026-04-02T00:14:00","slug":"conge-pour-aidant-naturel-ce-que-vous-devez-savoir","status":"publish","type":"post","link":"https:\/\/nelliganlaw.ca\/fr\/conge-pour-aidant-naturel-ce-que-vous-devez-savoir\/","title":{"rendered":"Cong\u00e9 pour aidant naturel : ce que vous devez savoir"},"content":{"rendered":"<p>Nous avons tous des responsabilit\u00e9s en dehors du travail. Ces responsabilit\u00e9s peuvent parfois inclure la n\u00e9cessit\u00e9 de prendre soin de personnes qui nous sont ch\u00e8res.<\/p>\n<p>Malheureusement, un \u00eatre cher peut tomber malade, et vous pourriez alors vous retrouver dans une situation o\u00f9 prendre soin de cette personne et jongler avec le travail est tout simplement impossible. Ce billet aborde le droit des employ\u00e9s \u00e0 obtenir un cong\u00e9 pour aidant naturel, c\u2019est-\u00e0-dire un cong\u00e9 destin\u00e9 \u00e0 ceux qui doivent s\u2019absenter du travail pour prodiguer des soins et un soutien \u00e0 un membre de leur famille.<\/p>\n<p>Conform\u00e9ment \u00e0 l\u2019article\u00a049.3 de la <em>Loi sur les normes d\u2019emploi<\/em>, les employ\u00e9s ont droit \u00e0 un cong\u00e9 <strong><u>non r\u00e9mun\u00e9r\u00e9<\/u><\/strong> de 8\u00a0semaines par ann\u00e9e civile pour fournir des soins et un soutien aux personnes suivantes\u00a0:<\/p>\n<ol>\n<li>Le conjoint ou la conjointe de l\u2019employ\u00e9.<\/li>\n<li>Un parent, beau-parent ou parent d\u2019accueil de l\u2019employ\u00e9 ou du conjoint\/de la conjointe de l\u2019employ\u00e9.<\/li>\n<li>Un enfant, beau-fils, belle-fille ou enfant d\u2019accueil de l\u2019employ\u00e9 ou du conjoint\/de la conjointe de l\u2019employ\u00e9.<\/li>\n<li>Un grand-parent, beau-grand-parent, petit-enfant ou beau-petit-enfant de l\u2019employ\u00e9 ou du conjoint\/de la conjointe de l\u2019employ\u00e9.<\/li>\n<li>Le conjoint ou la conjointe d\u2019un enfant de l\u2019employ\u00e9.<\/li>\n<li>Le fr\u00e8re ou la s\u0153ur de l\u2019employ\u00e9.<\/li>\n<li>Un parent de l\u2019employ\u00e9 qui d\u00e9pend de l\u2019employ\u00e9 pour des soins ou de l\u2019aide.<\/li>\n<li>Toute personne d\u00e9sign\u00e9e comme membre de la famille aux fins de cet article.<\/li>\n<\/ol>\n<p>Un professionnel de la sant\u00e9 qualifi\u00e9 doit d\u00e9livrer un certificat indiquant que la personne ayant besoin de soins est gravement malade. Une maladie grave peut inclure une maladie chronique ou \u00e9pisodique. Si vous choisissez de prendre un cong\u00e9 pour aidant naturel, vous devrez \u00e9galement respecter certaines exigences, dont les suivantes\u00a0:<\/p>\n<ul>\n<li>Informer votre employeur par \u00e9crit que vous prenez un cong\u00e9 pour aidant naturel.<\/li>\n<li>\u00c9crire \u00e0 votre employeur d\u00e8s que possible apr\u00e8s le d\u00e9but du cong\u00e9, si vous avez commenc\u00e9 votre cong\u00e9 avant d\u2019en aviser votre employeur.<\/li>\n<li>Fournir une copie du certificat fourni par un professionnel de la sant\u00e9 qualifi\u00e9 d\u00e8s que possible, si votre employeur en fait la demande.<\/li>\n<\/ul>\n<p>Il est \u00e9galement important de noter que si vous prenez seulement une partie d\u2019une semaine en cong\u00e9, votre employeur peut consid\u00e9rer que vous avez pris une semaine compl\u00e8te de cong\u00e9.<\/p>\n<p>Enfin, gardez \u00e0 l\u2019esprit qu\u2019un cong\u00e9 pour aidant naturel peut ne pas \u00eatre la meilleure option dans votre situation. Si vous vous demandez si vous devriez prendre un cong\u00e9 de soignant familial, prenez rendez-vous avec l\u2019un de nos avocats en droit du travail pour discuter de vos circonstances d\u2019emploi personnelles et \u00e9laborer un plan adapt\u00e9 \u00e0 votre situation.<\/p>\n","protected":false},"excerpt":{"rendered":"<p>Nous avons tous des responsabilit\u00e9s en dehors du travail. Ces responsabilit\u00e9s peuvent parfois inclure la n\u00e9cessit\u00e9 de prendre soin de personnes qui nous sont ch\u00e8res. Malheureusement, un \u00eatre cher peut tomber malade, et vous pourriez alors vous retrouver dans une situation o\u00f9 prendre soin de cette personne et jongler avec le travail est tout simplement [&hellip;]<\/p>\n","protected":false},"author":11,"featured_media":39764,"comment_status":"open","ping_status":"open","sticky":false,"template":"","format":"standard","meta":{"_acf_changed":false,"footnotes":""},"categories":[1100],"tags":[],"practice-areas":[1102],"class_list":["post-39763","post","type-post","status-publish","format-standard","has-post-thumbnail","hentry","category-blogue","practice-areas-droit-du-travail-pour-les-employes"],"acf":[],"yoast_head":"<!-- This site is optimized with the Yoast SEO plugin v27.3 - https:\/\/yoast.com\/product\/yoast-seo-wordpress\/ -->\n<title>Cong\u00e9 pour aidant naturel : ce que vous devez savoir - Nelligan Law<\/title>\n<meta name=\"robots\" content=\"index, follow, max-snippet:-1, max-image-preview:large, max-video-preview:-1\" \/>\n<link rel=\"canonical\" href=\"https:\/\/nelliganlaw.ca\/fr\/conge-pour-aidant-naturel-ce-que-vous-devez-savoir\/\" \/>\n<meta property=\"og:locale\" content=\"fr_CA\" \/>\n<meta property=\"og:type\" content=\"article\" \/>\n<meta property=\"og:title\" content=\"Cong\u00e9 pour aidant naturel : ce que vous devez savoir - Nelligan Law\" \/>\n<meta property=\"og:description\" content=\"Nous avons tous des responsabilit\u00e9s en dehors du travail. Ces responsabilit\u00e9s peuvent parfois inclure la n\u00e9cessit\u00e9 de prendre soin de personnes qui nous sont ch\u00e8res. Malheureusement, un \u00eatre cher peut tomber malade, et vous pourriez alors vous retrouver dans une situation o\u00f9 prendre soin de cette personne et jongler avec le travail est tout simplement [&hellip;]\" \/>\n<meta property=\"og:url\" content=\"https:\/\/nelliganlaw.ca\/fr\/conge-pour-aidant-naturel-ce-que-vous-devez-savoir\/\" \/>\n<meta property=\"og:site_name\" content=\"Nelligan Law\" \/>\n<meta property=\"article:publisher\" content=\"https:\/\/www.facebook.com\/nelliganlaw\" \/>\n<meta property=\"article:published_time\" content=\"2026-04-02T00:14:00+00:00\" \/>\n<meta property=\"og:image\" content=\"https:\/\/nelliganlaw.ca\/wp-content\/uploads\/2026\/04\/AdobeStock_601739881-scaled-3.jpeg\" \/>\n\t<meta property=\"og:image:width\" content=\"2048\" \/>\n\t<meta property=\"og:image:height\" content=\"1365\" \/>\n\t<meta property=\"og:image:type\" content=\"image\/jpeg\" \/>\n<meta name=\"author\" content=\"Madison Lloyd\" \/>\n<meta name=\"twitter:card\" content=\"summary_large_image\" \/>\n<meta name=\"twitter:creator\" content=\"@NelliganLaw\" \/>\n<meta name=\"twitter:site\" content=\"@NelliganLaw\" \/>\n<meta name=\"twitter:label1\" content=\"\u00c9crit par\" \/>\n\t<meta name=\"twitter:data1\" content=\"Madison Lloyd\" \/>\n\t<meta name=\"twitter:label2\" content=\"Estimation du temps de lecture\" \/>\n\t<meta name=\"twitter:data2\" content=\"2 minutes\" \/>\n<script type=\"application\/ld+json\" class=\"yoast-schema-graph\">{\"@context\":\"https:\\\/\\\/schema.org\",\"@graph\":[{\"@type\":\"Article\",\"@id\":\"https:\\\/\\\/nelliganlaw.ca\\\/fr\\\/conge-pour-aidant-naturel-ce-que-vous-devez-savoir\\\/#article\",\"isPartOf\":{\"@id\":\"https:\\\/\\\/nelliganlaw.ca\\\/fr\\\/conge-pour-aidant-naturel-ce-que-vous-devez-savoir\\\/\"},\"author\":{\"name\":\"Madison Lloyd\",\"@id\":\"https:\\\/\\\/nelliganlaw.ca\\\/fr\\\/#\\\/schema\\\/person\\\/2cfc40d9229d65bcdeb55da69b78223a\"},\"headline\":\"Cong\u00e9 pour aidant naturel : ce que vous devez savoir\",\"datePublished\":\"2026-04-02T00:14:00+00:00\",\"mainEntityOfPage\":{\"@id\":\"https:\\\/\\\/nelliganlaw.ca\\\/fr\\\/conge-pour-aidant-naturel-ce-que-vous-devez-savoir\\\/\"},\"wordCount\":473,\"commentCount\":0,\"publisher\":{\"@id\":\"https:\\\/\\\/nelliganlaw.ca\\\/fr\\\/#organization\"},\"image\":{\"@id\":\"https:\\\/\\\/nelliganlaw.ca\\\/fr\\\/conge-pour-aidant-naturel-ce-que-vous-devez-savoir\\\/#primaryimage\"},\"thumbnailUrl\":\"https:\\\/\\\/nelliganlaw.ca\\\/wp-content\\\/uploads\\\/2026\\\/04\\\/AdobeStock_601739881-scaled-3.jpeg\",\"articleSection\":[\"Blogue\"],\"inLanguage\":\"fr-CA\",\"potentialAction\":[{\"@type\":\"CommentAction\",\"name\":\"Comment\",\"target\":[\"https:\\\/\\\/nelliganlaw.ca\\\/fr\\\/conge-pour-aidant-naturel-ce-que-vous-devez-savoir\\\/#respond\"]}]},{\"@type\":\"WebPage\",\"@id\":\"https:\\\/\\\/nelliganlaw.ca\\\/fr\\\/conge-pour-aidant-naturel-ce-que-vous-devez-savoir\\\/\",\"url\":\"https:\\\/\\\/nelliganlaw.ca\\\/fr\\\/conge-pour-aidant-naturel-ce-que-vous-devez-savoir\\\/\",\"name\":\"Cong\u00e9 pour aidant naturel : ce que vous devez savoir - Nelligan Law\",\"isPartOf\":{\"@id\":\"https:\\\/\\\/nelliganlaw.ca\\\/fr\\\/#website\"},\"primaryImageOfPage\":{\"@id\":\"https:\\\/\\\/nelliganlaw.ca\\\/fr\\\/conge-pour-aidant-naturel-ce-que-vous-devez-savoir\\\/#primaryimage\"},\"image\":{\"@id\":\"https:\\\/\\\/nelliganlaw.ca\\\/fr\\\/conge-pour-aidant-naturel-ce-que-vous-devez-savoir\\\/#primaryimage\"},\"thumbnailUrl\":\"https:\\\/\\\/nelliganlaw.ca\\\/wp-content\\\/uploads\\\/2026\\\/04\\\/AdobeStock_601739881-scaled-3.jpeg\",\"datePublished\":\"2026-04-02T00:14:00+00:00\",\"breadcrumb\":{\"@id\":\"https:\\\/\\\/nelliganlaw.ca\\\/fr\\\/conge-pour-aidant-naturel-ce-que-vous-devez-savoir\\\/#breadcrumb\"},\"inLanguage\":\"fr-CA\",\"potentialAction\":[{\"@type\":\"ReadAction\",\"target\":[\"https:\\\/\\\/nelliganlaw.ca\\\/fr\\\/conge-pour-aidant-naturel-ce-que-vous-devez-savoir\\\/\"]}]},{\"@type\":\"ImageObject\",\"inLanguage\":\"fr-CA\",\"@id\":\"https:\\\/\\\/nelliganlaw.ca\\\/fr\\\/conge-pour-aidant-naturel-ce-que-vous-devez-savoir\\\/#primaryimage\",\"url\":\"https:\\\/\\\/nelliganlaw.ca\\\/wp-content\\\/uploads\\\/2026\\\/04\\\/AdobeStock_601739881-scaled-3.jpeg\",\"contentUrl\":\"https:\\\/\\\/nelliganlaw.ca\\\/wp-content\\\/uploads\\\/2026\\\/04\\\/AdobeStock_601739881-scaled-3.jpeg\",\"width\":2048,\"height\":1365,\"caption\":\"Cropped shot of elderly woman and female geriatric social worker holding hands. Women of different age comforting each other. Close up, background, copy space.\"},{\"@type\":\"BreadcrumbList\",\"@id\":\"https:\\\/\\\/nelliganlaw.ca\\\/fr\\\/conge-pour-aidant-naturel-ce-que-vous-devez-savoir\\\/#breadcrumb\",\"itemListElement\":[{\"@type\":\"ListItem\",\"position\":1,\"name\":\"Accueil\",\"item\":\"https:\\\/\\\/nelliganlaw.ca\\\/fr\\\/\"},{\"@type\":\"ListItem\",\"position\":2,\"name\":\"Cong\u00e9 pour aidant naturel : ce que vous devez savoir\"}]},{\"@type\":\"WebSite\",\"@id\":\"https:\\\/\\\/nelliganlaw.ca\\\/fr\\\/#website\",\"url\":\"https:\\\/\\\/nelliganlaw.ca\\\/fr\\\/\",\"name\":\"Nelligan Law\",\"description\":\"\",\"publisher\":{\"@id\":\"https:\\\/\\\/nelliganlaw.ca\\\/fr\\\/#organization\"},\"potentialAction\":[{\"@type\":\"SearchAction\",\"target\":{\"@type\":\"EntryPoint\",\"urlTemplate\":\"https:\\\/\\\/nelliganlaw.ca\\\/fr\\\/?s={search_term_string}\"},\"query-input\":{\"@type\":\"PropertyValueSpecification\",\"valueRequired\":true,\"valueName\":\"search_term_string\"}}],\"inLanguage\":\"fr-CA\"},{\"@type\":\"Organization\",\"@id\":\"https:\\\/\\\/nelliganlaw.ca\\\/fr\\\/#organization\",\"name\":\"Nelligan Law\",\"url\":\"https:\\\/\\\/nelliganlaw.ca\\\/fr\\\/\",\"logo\":{\"@type\":\"ImageObject\",\"inLanguage\":\"fr-CA\",\"@id\":\"https:\\\/\\\/nelliganlaw.ca\\\/fr\\\/#\\\/schema\\\/logo\\\/image\\\/\",\"url\":\"https:\\\/\\\/nelliganlaw.ca\\\/wp-content\\\/uploads\\\/2021\\\/03\\\/nelligan-logo-colour-black.svg\",\"contentUrl\":\"https:\\\/\\\/nelliganlaw.ca\\\/wp-content\\\/uploads\\\/2021\\\/03\\\/nelligan-logo-colour-black.svg\",\"width\":535,\"height\":145,\"caption\":\"Nelligan Law\"},\"image\":{\"@id\":\"https:\\\/\\\/nelliganlaw.ca\\\/fr\\\/#\\\/schema\\\/logo\\\/image\\\/\"},\"sameAs\":[\"https:\\\/\\\/www.facebook.com\\\/nelliganlaw\",\"https:\\\/\\\/x.com\\\/NelliganLaw\"]},{\"@type\":\"Person\",\"@id\":\"https:\\\/\\\/nelliganlaw.ca\\\/fr\\\/#\\\/schema\\\/person\\\/2cfc40d9229d65bcdeb55da69b78223a\",\"name\":\"Madison Lloyd\",\"image\":{\"@type\":\"ImageObject\",\"inLanguage\":\"fr-CA\",\"@id\":\"https:\\\/\\\/secure.gravatar.com\\\/avatar\\\/bdbb8a0cb3ab0e2f41ddb592a8716201bf442cb12e979002a5914c064ef0b874?s=96&d=mm&r=g\",\"url\":\"https:\\\/\\\/secure.gravatar.com\\\/avatar\\\/bdbb8a0cb3ab0e2f41ddb592a8716201bf442cb12e979002a5914c064ef0b874?s=96&d=mm&r=g\",\"contentUrl\":\"https:\\\/\\\/secure.gravatar.com\\\/avatar\\\/bdbb8a0cb3ab0e2f41ddb592a8716201bf442cb12e979002a5914c064ef0b874?s=96&d=mm&r=g\",\"caption\":\"Madison Lloyd\"},\"url\":\"https:\\\/\\\/nelliganlaw.ca\\\/fr\\\/author\\\/madison-lloydnelliganlaw-ca\\\/\"}]}<\/script>\n<!-- \/ Yoast SEO plugin. -->","yoast_head_json":{"title":"Cong\u00e9 pour aidant naturel : ce que vous devez savoir - Nelligan Law","robots":{"index":"index","follow":"follow","max-snippet":"max-snippet:-1","max-image-preview":"max-image-preview:large","max-video-preview":"max-video-preview:-1"},"canonical":"https:\/\/nelliganlaw.ca\/fr\/conge-pour-aidant-naturel-ce-que-vous-devez-savoir\/","og_locale":"fr_CA","og_type":"article","og_title":"Cong\u00e9 pour aidant naturel : ce que vous devez savoir - Nelligan Law","og_description":"Nous avons tous des responsabilit\u00e9s en dehors du travail. Ces responsabilit\u00e9s peuvent parfois inclure la n\u00e9cessit\u00e9 de prendre soin de personnes qui nous sont ch\u00e8res. Malheureusement, un \u00eatre cher peut tomber malade, et vous pourriez alors vous retrouver dans une situation o\u00f9 prendre soin de cette personne et jongler avec le travail est tout simplement [&hellip;]","og_url":"https:\/\/nelliganlaw.ca\/fr\/conge-pour-aidant-naturel-ce-que-vous-devez-savoir\/","og_site_name":"Nelligan Law","article_publisher":"https:\/\/www.facebook.com\/nelliganlaw","article_published_time":"2026-04-02T00:14:00+00:00","og_image":[{"width":2048,"height":1365,"url":"https:\/\/nelliganlaw.ca\/wp-content\/uploads\/2026\/04\/AdobeStock_601739881-scaled-3.jpeg","type":"image\/jpeg"}],"author":"Madison Lloyd","twitter_card":"summary_large_image","twitter_creator":"@NelliganLaw","twitter_site":"@NelliganLaw","twitter_misc":{"\u00c9crit par":"Madison Lloyd","Estimation du temps de lecture":"2 minutes"},"schema":{"@context":"https:\/\/schema.org","@graph":[{"@type":"Article","@id":"https:\/\/nelliganlaw.ca\/fr\/conge-pour-aidant-naturel-ce-que-vous-devez-savoir\/#article","isPartOf":{"@id":"https:\/\/nelliganlaw.ca\/fr\/conge-pour-aidant-naturel-ce-que-vous-devez-savoir\/"},"author":{"name":"Madison Lloyd","@id":"https:\/\/nelliganlaw.ca\/fr\/#\/schema\/person\/2cfc40d9229d65bcdeb55da69b78223a"},"headline":"Cong\u00e9 pour aidant naturel : ce que vous devez savoir","datePublished":"2026-04-02T00:14:00+00:00","mainEntityOfPage":{"@id":"https:\/\/nelliganlaw.ca\/fr\/conge-pour-aidant-naturel-ce-que-vous-devez-savoir\/"},"wordCount":473,"commentCount":0,"publisher":{"@id":"https:\/\/nelliganlaw.ca\/fr\/#organization"},"image":{"@id":"https:\/\/nelliganlaw.ca\/fr\/conge-pour-aidant-naturel-ce-que-vous-devez-savoir\/#primaryimage"},"thumbnailUrl":"https:\/\/nelliganlaw.ca\/wp-content\/uploads\/2026\/04\/AdobeStock_601739881-scaled-3.jpeg","articleSection":["Blogue"],"inLanguage":"fr-CA","potentialAction":[{"@type":"CommentAction","name":"Comment","target":["https:\/\/nelliganlaw.ca\/fr\/conge-pour-aidant-naturel-ce-que-vous-devez-savoir\/#respond"]}]},{"@type":"WebPage","@id":"https:\/\/nelliganlaw.ca\/fr\/conge-pour-aidant-naturel-ce-que-vous-devez-savoir\/","url":"https:\/\/nelliganlaw.ca\/fr\/conge-pour-aidant-naturel-ce-que-vous-devez-savoir\/","name":"Cong\u00e9 pour aidant naturel : ce que vous devez savoir - Nelligan Law","isPartOf":{"@id":"https:\/\/nelliganlaw.ca\/fr\/#website"},"primaryImageOfPage":{"@id":"https:\/\/nelliganlaw.ca\/fr\/conge-pour-aidant-naturel-ce-que-vous-devez-savoir\/#primaryimage"},"image":{"@id":"https:\/\/nelliganlaw.ca\/fr\/conge-pour-aidant-naturel-ce-que-vous-devez-savoir\/#primaryimage"},"thumbnailUrl":"https:\/\/nelliganlaw.ca\/wp-content\/uploads\/2026\/04\/AdobeStock_601739881-scaled-3.jpeg","datePublished":"2026-04-02T00:14:00+00:00","breadcrumb":{"@id":"https:\/\/nelliganlaw.ca\/fr\/conge-pour-aidant-naturel-ce-que-vous-devez-savoir\/#breadcrumb"},"inLanguage":"fr-CA","potentialAction":[{"@type":"ReadAction","target":["https:\/\/nelliganlaw.ca\/fr\/conge-pour-aidant-naturel-ce-que-vous-devez-savoir\/"]}]},{"@type":"ImageObject","inLanguage":"fr-CA","@id":"https:\/\/nelliganlaw.ca\/fr\/conge-pour-aidant-naturel-ce-que-vous-devez-savoir\/#primaryimage","url":"https:\/\/nelliganlaw.ca\/wp-content\/uploads\/2026\/04\/AdobeStock_601739881-scaled-3.jpeg","contentUrl":"https:\/\/nelliganlaw.ca\/wp-content\/uploads\/2026\/04\/AdobeStock_601739881-scaled-3.jpeg","width":2048,"height":1365,"caption":"Cropped shot of elderly woman and female geriatric social worker holding hands. Women of different age comforting each other. Close up, background, copy space."},{"@type":"BreadcrumbList","@id":"https:\/\/nelliganlaw.ca\/fr\/conge-pour-aidant-naturel-ce-que-vous-devez-savoir\/#breadcrumb","itemListElement":[{"@type":"ListItem","position":1,"name":"Accueil","item":"https:\/\/nelliganlaw.ca\/fr\/"},{"@type":"ListItem","position":2,"name":"Cong\u00e9 pour aidant naturel : ce que vous devez savoir"}]},{"@type":"WebSite","@id":"https:\/\/nelliganlaw.ca\/fr\/#website","url":"https:\/\/nelliganlaw.ca\/fr\/","name":"Nelligan Law","description":"","publisher":{"@id":"https:\/\/nelliganlaw.ca\/fr\/#organization"},"potentialAction":[{"@type":"SearchAction","target":{"@type":"EntryPoint","urlTemplate":"https:\/\/nelliganlaw.ca\/fr\/?s={search_term_string}"},"query-input":{"@type":"PropertyValueSpecification","valueRequired":true,"valueName":"search_term_string"}}],"inLanguage":"fr-CA"},{"@type":"Organization","@id":"https:\/\/nelliganlaw.ca\/fr\/#organization","name":"Nelligan Law","url":"https:\/\/nelliganlaw.ca\/fr\/","logo":{"@type":"ImageObject","inLanguage":"fr-CA","@id":"https:\/\/nelliganlaw.ca\/fr\/#\/schema\/logo\/image\/","url":"https:\/\/nelliganlaw.ca\/wp-content\/uploads\/2021\/03\/nelligan-logo-colour-black.svg","contentUrl":"https:\/\/nelliganlaw.ca\/wp-content\/uploads\/2021\/03\/nelligan-logo-colour-black.svg","width":535,"height":145,"caption":"Nelligan Law"},"image":{"@id":"https:\/\/nelliganlaw.ca\/fr\/#\/schema\/logo\/image\/"},"sameAs":["https:\/\/www.facebook.com\/nelliganlaw","https:\/\/x.com\/NelliganLaw"]},{"@type":"Person","@id":"https:\/\/nelliganlaw.ca\/fr\/#\/schema\/person\/2cfc40d9229d65bcdeb55da69b78223a","name":"Madison Lloyd","image":{"@type":"ImageObject","inLanguage":"fr-CA","@id":"https:\/\/secure.gravatar.com\/avatar\/bdbb8a0cb3ab0e2f41ddb592a8716201bf442cb12e979002a5914c064ef0b874?s=96&d=mm&r=g","url":"https:\/\/secure.gravatar.com\/avatar\/bdbb8a0cb3ab0e2f41ddb592a8716201bf442cb12e979002a5914c064ef0b874?s=96&d=mm&r=g","contentUrl":"https:\/\/secure.gravatar.com\/avatar\/bdbb8a0cb3ab0e2f41ddb592a8716201bf442cb12e979002a5914c064ef0b874?s=96&d=mm&r=g","caption":"Madison Lloyd"},"url":"https:\/\/nelliganlaw.ca\/fr\/author\/madison-lloydnelliganlaw-ca\/"}]}},"_links":{"self":[{"href":"https:\/\/nelliganlaw.ca\/fr\/wp-json\/wp\/v2\/posts\/39763","targetHints":{"allow":["GET"]}}],"collection":[{"href":"https:\/\/nelliganlaw.ca\/fr\/wp-json\/wp\/v2\/posts"}],"about":[{"href":"https:\/\/nelliganlaw.ca\/fr\/wp-json\/wp\/v2\/types\/post"}],"author":[{"embeddable":true,"href":"https:\/\/nelliganlaw.ca\/fr\/wp-json\/wp\/v2\/users\/11"}],"replies":[{"embeddable":true,"href":"https:\/\/nelliganlaw.ca\/fr\/wp-json\/wp\/v2\/comments?post=39763"}],"version-history":[{"count":1,"href":"https:\/\/nelliganlaw.ca\/fr\/wp-json\/wp\/v2\/posts\/39763\/revisions"}],"predecessor-version":[{"id":39849,"href":"https:\/\/nelliganlaw.ca\/fr\/wp-json\/wp\/v2\/posts\/39763\/revisions\/39849"}],"wp:featuredmedia":[{"embeddable":true,"href":"https:\/\/nelliganlaw.ca\/fr\/wp-json\/wp\/v2\/media\/39764"}],"wp:attachment":[{"href":"https:\/\/nelliganlaw.ca\/fr\/wp-json\/wp\/v2\/media?parent=39763"}],"wp:term":[{"taxonomy":"category","embeddable":true,"href":"https:\/\/nelliganlaw.ca\/fr\/wp-json\/wp\/v2\/categories?post=39763"},{"taxonomy":"post_tag","embeddable":true,"href":"https:\/\/nelliganlaw.ca\/fr\/wp-json\/wp\/v2\/tags?post=39763"},{"taxonomy":"practice-areas","embeddable":true,"href":"https:\/\/nelliganlaw.ca\/fr\/wp-json\/wp\/v2\/practice-areas?post=39763"}],"curies":[{"name":"wp","href":"https:\/\/api.w.org\/{rel}","templated":true}]}}